{"id":6104,"date":"2026-02-20T12:50:39","date_gmt":"2026-02-20T11:50:39","guid":{"rendered":"https:\/\/ev-allianz-braunschweig.de\/?p=6104"},"modified":"2026-03-16T09:20:48","modified_gmt":"2026-03-16T08:20:48","slug":"bachchor-laedt-ein","status":"publish","type":"post","link":"https:\/\/ev-allianz-braunschweig.de\/?p=6104","title":{"rendered":"Bachchor l\u00e4dt ein"},"content":{"rendered":"\n<figure class=\"wp-block-image size-full\"><a href=\"https:\/\/ev-allianz-braunschweig.de\/wp-content\/uploads\/2026\/01\/Bachchor-laedt-ein.png\"><img decoding=\"async\" loading=\"lazy\" width=\"495\" height=\"325\" src=\"https:\/\/ev-allianz-braunschweig.de\/wp-content\/uploads\/2026\/01\/Bachchor-laedt-ein.png\" alt=\"\" class=\"wp-image-6105\" srcset=\"https:\/\/ev-allianz-braunschweig.de\/wp-content\/uploads\/2026\/01\/Bachchor-laedt-ein.png 495w, https:\/\/ev-allianz-braunschweig.de\/wp-content\/uploads\/2026\/01\/Bachchor-laedt-ein-300x197.png 300w\" sizes=\"(max-width: 495px) 100vw, 495px\" \/><\/a><\/figure>\n\n\n\n<!--more-->\n\n\n\n<p><strong>\u201eBachchor l\u00e4dt zum Messias -Projekt 2027 ein\u201c<\/strong><\/p>\n\n\n\n<p>Liebe Freunde, viele begeisterte S\u00e4ngerinnen und S\u00e4nger sagten mir in der Vergangenheit, dass sie gerne einmal in ihrem Leben den \u201eMessias\u201c von G. F. H\u00e4ndel singen w\u00fcrden. Diesem Wunsch komme ich sehr gerne nach. Das ist ein sehr geistliches Werk, das unseren HERRN in den Mittelpunkt stellt. Aber die 21 Ch\u00f6re, die teilweise anspruchsvoll sind, k\u00f6nnen wir nicht innerhalb eines Jahres ein\u00fcben. Dazu braucht es mehr Zeit. Es ist mir sehr wichtig, dass jeder, der gerne einmal dieses Werk mitsingen will, auch die Chance hat, in ausreichender Zeit die Ch\u00f6re einzu\u00fcben. Meine Vision ist es daher, dass wir den <strong>\u201eMessias\u201c in der Adventszeit 2027 auff\u00fchren.<\/strong><\/p>\n\n\n\n<p>Deswegen startet der Braunschweiger Bachchor bereits am<strong> 3.2.2026<\/strong> mit dem <strong>\u201eMessias \u2013 Projekt &#8211; 2027\u201c. <\/strong>Wir werden die Ch\u00f6re auf die beiden Jahre verteilt ein\u00fcben. Dann kann jeder mitmachen. Das hat sich beim zur\u00fcckliegenden Weihnachtsoratorium bereits bew\u00e4hrt. Wir werden jetzt zum Start des Projektes mit den Ch\u00f6ren, die zu Karfreitag geh\u00f6ren, beginnen und diese Ch\u00f6re an Karfreitag mit Orchester auff\u00fchren. Dann werden wir im Herbst 2026 die von der Geburt Jesu handelnden Ch\u00f6re ein\u00fcben und wieder mit Orchester zur Auff\u00fchrung bringen. Die restlichen Ch\u00f6re werden wir im Jahr 2027 proben und dann das gesamte Werk in der Adventszeit 2027 mit Orchester und Solisten auff\u00fchren.<\/p>\n\n\n\n<p>Wenn Du also bei diesem besonderen Projekt mitmachen willst, dann melde Dich unter der E-Mail Adresse <a href=\"mailto:Gebhard.Krosigk@t-online.de\"><strong>Gebhard.Krosigk@t-online.de<\/strong><\/a> an und komme ab dem 3.2.2026 um 19.30 Uhr in Braunschweiger Friedenskirche zur ersten Probe. Der Eingang befindet sich in der Oswald- Berkhan Stra\u00dfe. Ich freue mich sehr auf Euer zahlreiche Erscheinen, herzliche Gr\u00fc\u00dfe, Gebhard.<\/p>\n","protected":false},"excerpt":{"rendered":"","protected":false},"author":2,"featured_media":0,"comment_status":"closed","ping_status":"open","sticky":false,"template":"","format":"standard","meta":{"ngg_post_thumbnail":0},"categories":[4],"tags":[],"_links":{"self":[{"href":"https:\/\/ev-allianz-braunschweig.de\/index.php?rest_route=\/wp\/v2\/posts\/6104"}],"collection":[{"href":"https:\/\/ev-allianz-braunschweig.de\/index.php?rest_route=\/wp\/v2\/posts"}],"about":[{"href":"https:\/\/ev-allianz-braunschweig.de\/index.php?rest_route=\/wp\/v2\/types\/post"}],"author":[{"embeddable":true,"href":"https:\/\/ev-allianz-braunschweig.de\/index.php?rest_route=\/wp\/v2\/users\/2"}],"replies":[{"embeddable":true,"href":"https:\/\/ev-allianz-braunschweig.de\/index.php?rest_route=%2Fwp%2Fv2%2Fcomments&post=6104"}],"version-history":[{"count":2,"href":"https:\/\/ev-allianz-braunschweig.de\/index.php?rest_route=\/wp\/v2\/posts\/6104\/revisions"}],"predecessor-version":[{"id":6107,"href":"https:\/\/ev-allianz-braunschweig.de\/index.php?rest_route=\/wp\/v2\/posts\/6104\/revisions\/6107"}],"wp:attachment":[{"href":"https:\/\/ev-allianz-braunschweig.de\/index.php?rest_route=%2Fwp%2Fv2%2Fmedia&parent=6104"}],"wp:term":[{"taxonomy":"category","embeddable":true,"href":"https:\/\/ev-allianz-braunschweig.de\/index.php?rest_route=%2Fwp%2Fv2%2Fcategories&post=6104"},{"taxonomy":"post_tag","embeddable":true,"href":"https:\/\/ev-allianz-braunschweig.de\/index.php?rest_route=%2Fwp%2Fv2%2Ftags&post=6104"}],"curies":[{"name":"wp","href":"https:\/\/api.w.org\/{rel}","templated":true}]}}