{"id":4702,"date":"2023-02-26T10:44:25","date_gmt":"2023-02-26T09:44:25","guid":{"rendered":"https:\/\/ev-allianz-braunschweig.de\/?p=4702"},"modified":"2023-06-26T12:28:03","modified_gmt":"2023-06-26T10:28:03","slug":"4702","status":"publish","type":"post","link":"https:\/\/ev-allianz-braunschweig.de\/?p=4702","title":{"rendered":"BS Nachtlauf&#8230;wir sind dabei!"},"content":{"rendered":"<p style=\"text-align: center;\"><a href=\"https:\/\/ev-allianz-braunschweig.de\/wp-content\/uploads\/2023\/02\/BS-NAchtlauf-2023.jpg\"><img decoding=\"async\" loading=\"lazy\" class=\"size-full wp-image-4703 aligncenter\" src=\"https:\/\/ev-allianz-braunschweig.de\/wp-content\/uploads\/2023\/02\/BS-NAchtlauf-2023.jpg\" alt=\"\" width=\"495\" height=\"697\" srcset=\"https:\/\/ev-allianz-braunschweig.de\/wp-content\/uploads\/2023\/02\/BS-NAchtlauf-2023.jpg 495w, https:\/\/ev-allianz-braunschweig.de\/wp-content\/uploads\/2023\/02\/BS-NAchtlauf-2023-213x300.jpg 213w\" sizes=\"(max-width: 495px) 100vw, 495px\" \/><\/a><!--more--><\/p>\n<p style=\"text-align: center;\">Nach einer zweij\u00e4hrigen Pause k\u00f6nnen wir in diesem Jahr wieder im Rahmen der Ev. Allianz am diesj\u00e4hrigen Nachtlauf teilnehmen. Es handelt sich um den Mannschaftslauf. Es w\u00e4re sch\u00f6n, wenn sich aus verschiedenen Gemeinden Lauffreudige finden. Falls ihr keine Lust habt, alleine zu trainieren, bietet Regina Woronzow einen Lauftreff an.<br \/>\nAlle weiteren Infos findet ihr auf dem Flyer.<\/p>\n<p>&nbsp;<\/p>\n<p style=\"text-align: center;\"><a href=\"https:\/\/ev-allianz-braunschweig.de\/wp-content\/uploads\/2023\/02\/BS-NAchtlauf-Anmeldung.jpg\"><img decoding=\"async\" loading=\"lazy\" class=\"size-full wp-image-4707 aligncenter\" src=\"https:\/\/ev-allianz-braunschweig.de\/wp-content\/uploads\/2023\/02\/BS-NAchtlauf-Anmeldung.jpg\" alt=\"\" width=\"505\" height=\"708\" srcset=\"https:\/\/ev-allianz-braunschweig.de\/wp-content\/uploads\/2023\/02\/BS-NAchtlauf-Anmeldung.jpg 505w, https:\/\/ev-allianz-braunschweig.de\/wp-content\/uploads\/2023\/02\/BS-NAchtlauf-Anmeldung-214x300.jpg 214w\" sizes=\"(max-width: 505px) 100vw, 505px\" \/><\/a><strong><span style=\"color: #993366;\"><br \/>\n<a style=\"color: #993366;\" href=\"https:\/\/ev-allianz-braunschweig.de\/wp-content\/uploads\/2023\/02\/Anmeldung-Nachtlauf.pdf\">pdf zum Download: Anmeldung Nachtlauf<\/a><\/span><\/strong><\/p>\n","protected":false},"excerpt":{"rendered":"","protected":false},"author":2,"featured_media":0,"comment_status":"closed","ping_status":"open","sticky":false,"template":"","format":"standard","meta":{"ngg_post_thumbnail":0},"categories":[4],"tags":[],"_links":{"self":[{"href":"https:\/\/ev-allianz-braunschweig.de\/index.php?rest_route=\/wp\/v2\/posts\/4702"}],"collection":[{"href":"https:\/\/ev-allianz-braunschweig.de\/index.php?rest_route=\/wp\/v2\/posts"}],"about":[{"href":"https:\/\/ev-allianz-braunschweig.de\/index.php?rest_route=\/wp\/v2\/types\/post"}],"author":[{"embeddable":true,"href":"https:\/\/ev-allianz-braunschweig.de\/index.php?rest_route=\/wp\/v2\/users\/2"}],"replies":[{"embeddable":true,"href":"https:\/\/ev-allianz-braunschweig.de\/index.php?rest_route=%2Fwp%2Fv2%2Fcomments&post=4702"}],"version-history":[{"count":7,"href":"https:\/\/ev-allianz-braunschweig.de\/index.php?rest_route=\/wp\/v2\/posts\/4702\/revisions"}],"predecessor-version":[{"id":4985,"href":"https:\/\/ev-allianz-braunschweig.de\/index.php?rest_route=\/wp\/v2\/posts\/4702\/revisions\/4985"}],"wp:attachment":[{"href":"https:\/\/ev-allianz-braunschweig.de\/index.php?rest_route=%2Fwp%2Fv2%2Fmedia&parent=4702"}],"wp:term":[{"taxonomy":"category","embeddable":true,"href":"https:\/\/ev-allianz-braunschweig.de\/index.php?rest_route=%2Fwp%2Fv2%2Fcategories&post=4702"},{"taxonomy":"post_tag","embeddable":true,"href":"https:\/\/ev-allianz-braunschweig.de\/index.php?rest_route=%2Fwp%2Fv2%2Ftags&post=4702"}],"curies":[{"name":"wp","href":"https:\/\/api.w.org\/{rel}","templated":true}]}}