{"id":4474,"date":"2022-10-30T19:00:33","date_gmt":"2022-10-30T18:00:33","guid":{"rendered":"https:\/\/ev-allianz-braunschweig.de\/?p=4474"},"modified":"2022-11-07T09:53:24","modified_gmt":"2022-11-07T08:53:24","slug":"poetrykonzert-mit-jonnes-marco-michalzik","status":"publish","type":"post","link":"https:\/\/ev-allianz-braunschweig.de\/?p=4474","title":{"rendered":"Poetrykonzert mit Jonnes &#038; Marco Michalzik"},"content":{"rendered":"<p><a href=\"https:\/\/ev-allianz-braunschweig.de\/wp-content\/uploads\/2022\/09\/Poetry-Querum.jpg\"><img decoding=\"async\" loading=\"lazy\" class=\"size-full wp-image-4491 aligncenter\" src=\"https:\/\/ev-allianz-braunschweig.de\/wp-content\/uploads\/2022\/09\/Poetry-Querum.jpg\" alt=\"\" width=\"552\" height=\"776\" srcset=\"https:\/\/ev-allianz-braunschweig.de\/wp-content\/uploads\/2022\/09\/Poetry-Querum.jpg 552w, https:\/\/ev-allianz-braunschweig.de\/wp-content\/uploads\/2022\/09\/Poetry-Querum-213x300.jpg 213w\" sizes=\"(max-width: 552px) 100vw, 552px\" \/><\/a><\/p>\n<p><!--more--><\/p>\n<p>&nbsp;<\/p>\n<p><strong>World Vision Tour 2022. <\/strong><br \/>\nWer Worte mag und Musik liebt wird jetzt auf seine Kosten kommen, wenn diese K\u00fcnstler im Doppelpack auftreten: Denkanst\u00f6\u00dfige B\u00fchnen-Poesie der besonderen Art und hoffnungsvolle Songs mit Tiefgang liefern Marco Michalzik und Jonne<\/p>\n<p><a href=\"https:\/\/www.marcomichalzik.com\/\" target=\"_blank\" rel=\"noopener\"><strong>Marco Michalzik<\/strong><\/a> aus Marburg ist Spoken Word-K\u00fcnstler, Lyriker und Songwriter. Seine Texte erschienen auf zahlreichen Buch- und Musikver\u00f6ffentlichungen.<\/p>\n<p><a href=\"https:\/\/www.jonnes.de\/\" target=\"_blank\" rel=\"noopener\"><strong>Jonnes<\/strong><\/a> aus Ludwigsburg schreibt deutschsprachige Songs, um die Gedanken seines Herzens zu verstehen. Mit seiner besonders ausdrucksstarken Stimme nimmt man Jonnes jedes Wort ab, wenn er \u00fcber die kleinen Momente und die gro\u00dfen Fragen des Lebens singt.<\/p>\n<p>Die beiden Freunde hosten den Podcast \u201eART &amp; WEISE\u201c, in dem sie sich regelm\u00e4\u00dfig zu den Themen Glaube und Kunst austauschen. Zu h\u00f6ren auf allen g\u00e4ngigen Podcast-Plattformen. In diesem Herbst sind sie gemeinsam mit World Vision unterwegs. Im Gep\u00e4ck haben sie Lieder und Texte \u00fcber Hoffnung und Gerechtigkeit und dem eigenen Ringen damit.<\/p>\n<p><a href=\"https:\/\/www.worldvision.de\/\" target=\"_blank\" rel=\"noopener\"><strong>World Vision<\/strong><\/a> ist eine christliche Hilfsorganisation mit 70 Jahren Erfahrung in der Entwicklungszusammenarbeit. Durch gezielte Hilfe zur Selbsthilfe unterst\u00fctzen sie Kinder, Familien und ihr Umfeld im Kampf gegen Armut und Ungerechtigkeit: Eine Tour, ein Abend voller Musik, Poesie und Geschichten aus der Arbeit von World Vision mit der M\u00f6glichkeit nicht nur zuzuh\u00f6ren, sondern direkt vor Ort auch\u00a0 konkret zu helfen und einzusteigen.<\/p>\n","protected":false},"excerpt":{"rendered":"","protected":false},"author":2,"featured_media":0,"comment_status":"closed","ping_status":"open","sticky":false,"template":"","format":"standard","meta":{"ngg_post_thumbnail":0},"categories":[4],"tags":[],"_links":{"self":[{"href":"https:\/\/ev-allianz-braunschweig.de\/index.php?rest_route=\/wp\/v2\/posts\/4474"}],"collection":[{"href":"https:\/\/ev-allianz-braunschweig.de\/index.php?rest_route=\/wp\/v2\/posts"}],"about":[{"href":"https:\/\/ev-allianz-braunschweig.de\/index.php?rest_route=\/wp\/v2\/types\/post"}],"author":[{"embeddable":true,"href":"https:\/\/ev-allianz-braunschweig.de\/index.php?rest_route=\/wp\/v2\/users\/2"}],"replies":[{"embeddable":true,"href":"https:\/\/ev-allianz-braunschweig.de\/index.php?rest_route=%2Fwp%2Fv2%2Fcomments&post=4474"}],"version-history":[{"count":18,"href":"https:\/\/ev-allianz-braunschweig.de\/index.php?rest_route=\/wp\/v2\/posts\/4474\/revisions"}],"predecessor-version":[{"id":4494,"href":"https:\/\/ev-allianz-braunschweig.de\/index.php?rest_route=\/wp\/v2\/posts\/4474\/revisions\/4494"}],"wp:attachment":[{"href":"https:\/\/ev-allianz-braunschweig.de\/index.php?rest_route=%2Fwp%2Fv2%2Fmedia&parent=4474"}],"wp:term":[{"taxonomy":"category","embeddable":true,"href":"https:\/\/ev-allianz-braunschweig.de\/index.php?rest_route=%2Fwp%2Fv2%2Fcategories&post=4474"},{"taxonomy":"post_tag","embeddable":true,"href":"https:\/\/ev-allianz-braunschweig.de\/index.php?rest_route=%2Fwp%2Fv2%2Ftags&post=4474"}],"curies":[{"name":"wp","href":"https:\/\/api.w.org\/{rel}","templated":true}]}}