{"id":4405,"date":"2022-07-21T12:33:43","date_gmt":"2022-07-21T10:33:43","guid":{"rendered":"https:\/\/ev-allianz-braunschweig.de\/?p=4405"},"modified":"2022-08-26T19:25:22","modified_gmt":"2022-08-26T17:25:22","slug":"marsch-fuer-das-leben-berlin","status":"publish","type":"post","link":"https:\/\/ev-allianz-braunschweig.de\/?p=4405","title":{"rendered":"Marsch f\u00fcr das Leben &#8211; Berlin"},"content":{"rendered":"<p><a href=\"https:\/\/ev-allianz-braunschweig.de\/wp-content\/uploads\/2022\/08\/Marsch-f\u00fcr-das-Leben.png\"><img decoding=\"async\" loading=\"lazy\" class=\"size-full wp-image-4406 aligncenter\" src=\"https:\/\/ev-allianz-braunschweig.de\/wp-content\/uploads\/2022\/08\/Marsch-f\u00fcr-das-Leben.png\" alt=\"\" width=\"459\" height=\"324\" \/><\/a><\/p>\n<p><strong>Am Sa 17. September 2022 findet in Berlin wieder ein \u00b4Marsch f\u00fcr das Leben\u00b4 statt, zu dem alle, die sich f\u00fcr das Lebensrecht der Ungeborenen sowie der Alten und Sterbenskranken einsetzen wollen, sehr herzlich eingeladen sind.<\/strong><\/p>\n<p><!--more--><br \/>\nDie Teilnehmer, die auf diesem Schweigemarsch durch die Mitte Berlins, ausgehend vom Brandenburger Tor, vorbei an der Ged\u00e4chtniskirche und am Reichstagsgeb\u00e4ude laufen, wenden sich als wichtigste Themen gegen die Abtreibung und die aktive Sterbehilfe. Es wird auch in unserer Region von Celle aus ein Sonderbus mit Haltem\u00f6glichkeiten an anderen Orten auf dem Weg eingesetzt. Nachfolgend die Kontaktdaten der Organisatorin Frau Ruth Kuske, bei der man sich bis (sp\u00e4testens) 3 Tage vor Marschbeginn noch anmelden kann: E-Mail: <a href=\"mailto:rukus50@gmx.de\">rukus50@gmx.de<\/a> \u00a0Handy: 0175\/ 20 82 718.<br \/>\nDer Bus h\u00e4lt direkt vor dem Brandenburger Tor und holt die Teilnehmer auch von dort wieder ab; der Unkostenbeitrag liegt f\u00fcr Hin- und R\u00fcckfahrt bei etwa 30,00 \u2013 50,00 \u20ac. Essen und Trinken f\u00fcr den Tag bringt jeder f\u00fcr sich selbst mit. Achtet auch auf wind- und wetterfeste Kleidung sowie gutes Schuhwerk, da der Marsch bis zu 4 Km lang ist. Die Entscheidungshoheit \u00fcber die genaue Routenplanung hat die Berliner Polizei.<\/p>\n<p>Im Bus und auch w\u00e4hrend des Marsches sind die dann g\u00fcltigen beh\u00f6rdlichen Auflagen wegen der Coronapandemie einzuhalten. Einen Mund-Nasenschutz und ggf. Handdesinfektionsmittel ist von jedem Teilnehmer pers\u00f6nlich mitzubringen.<\/p>\n<p><strong>Ablauf:<\/strong><\/p>\n<ul>\n<li>13 Uhr: Beginn mit einer Kundgebung vor dem Brandenburger Tor.<\/li>\n<li>Ca. 14 Uhr: Start des Marsches, der ein Rundweg von etwa 3 &#8211; 4 km ist.<\/li>\n<li>Ca. 16 \u2013 16.30 Uhr: Beginn des \u00d6kumenischen Gottesdienstes vor dem Brandenburger Tor.<\/li>\n<li>17.30 Uhr: Ende der Veranstaltung und R\u00fcckfahrt.<\/li>\n<\/ul>\n<p>Bitte beachten: W\u00e4hrend der Kundgebung, des Marsches und des \u00d6kumenischen Gottesdienstes gibt es keine Sitzgelegenheiten. B.B. ggf. Klapphocker o.\u00e4. mitbringen.<\/p>\n<p><a href=\"https:\/\/ev-allianz-braunschweig.de\/wp-content\/uploads\/2022\/08\/Marsch-f\u00fcr-das-Leben-2.png\"><img decoding=\"async\" loading=\"lazy\" class=\"size-full wp-image-4407 aligncenter\" src=\"https:\/\/ev-allianz-braunschweig.de\/wp-content\/uploads\/2022\/08\/Marsch-f\u00fcr-das-Leben-2.png\" alt=\"\" width=\"455\" height=\"321\" \/><\/a><\/p>\n","protected":false},"excerpt":{"rendered":"<p>Am Sa 17. September 2022 findet in Berlin wieder ein \u00b4Marsch f\u00fcr das Leben\u00b4 statt, zu dem alle, die sich f\u00fcr das Lebensrecht der Ungeborenen sowie der Alten und Sterbenskranken einsetzen wollen, sehr herzlich eingeladen sind.<\/p>\n","protected":false},"author":2,"featured_media":0,"comment_status":"closed","ping_status":"open","sticky":false,"template":"","format":"standard","meta":{"ngg_post_thumbnail":0},"categories":[4],"tags":[],"_links":{"self":[{"href":"https:\/\/ev-allianz-braunschweig.de\/index.php?rest_route=\/wp\/v2\/posts\/4405"}],"collection":[{"href":"https:\/\/ev-allianz-braunschweig.de\/index.php?rest_route=\/wp\/v2\/posts"}],"about":[{"href":"https:\/\/ev-allianz-braunschweig.de\/index.php?rest_route=\/wp\/v2\/types\/post"}],"author":[{"embeddable":true,"href":"https:\/\/ev-allianz-braunschweig.de\/index.php?rest_route=\/wp\/v2\/users\/2"}],"replies":[{"embeddable":true,"href":"https:\/\/ev-allianz-braunschweig.de\/index.php?rest_route=%2Fwp%2Fv2%2Fcomments&post=4405"}],"version-history":[{"count":1,"href":"https:\/\/ev-allianz-braunschweig.de\/index.php?rest_route=\/wp\/v2\/posts\/4405\/revisions"}],"predecessor-version":[{"id":4408,"href":"https:\/\/ev-allianz-braunschweig.de\/index.php?rest_route=\/wp\/v2\/posts\/4405\/revisions\/4408"}],"wp:attachment":[{"href":"https:\/\/ev-allianz-braunschweig.de\/index.php?rest_route=%2Fwp%2Fv2%2Fmedia&parent=4405"}],"wp:term":[{"taxonomy":"category","embeddable":true,"href":"https:\/\/ev-allianz-braunschweig.de\/index.php?rest_route=%2Fwp%2Fv2%2Fcategories&post=4405"},{"taxonomy":"post_tag","embeddable":true,"href":"https:\/\/ev-allianz-braunschweig.de\/index.php?rest_route=%2Fwp%2Fv2%2Ftags&post=4405"}],"curies":[{"name":"wp","href":"https:\/\/api.w.org\/{rel}","templated":true}]}}