{"id":4318,"date":"2022-05-21T09:25:37","date_gmt":"2022-05-21T07:25:37","guid":{"rendered":"https:\/\/ev-allianz-braunschweig.de\/?p=4318"},"modified":"2022-06-02T09:44:49","modified_gmt":"2022-06-02T07:44:49","slug":"christen-bei-volkswagen-gottesdienst","status":"publish","type":"post","link":"https:\/\/ev-allianz-braunschweig.de\/?p=4318","title":{"rendered":"Christen bei Volkswagen &#8211; Gottesdienst"},"content":{"rendered":"<div>Das\u00a0 <strong>Netzwerk &#8220;Christen bei Volkswagen&#8221; <\/strong>veranstaltet am 23.06. um 18 Uhr, in der Ev. Kirche Wendhausen einen <strong>Gottesdienst mit Get together<\/strong> f\u00fcr Christen bei Volkswagen und alle, die Interesse haben.<\/div>\n<div>Ziel ist es, Christen bei Volkswagen zu vernetzen, zu ermutigen\u00a0Salz und Licht zu sein und zu unseren regelm\u00e4\u00dfigen Gebetskreisen einzuladen &#8211; und nat\u00fcrlich Gott zu feiern!<\/div>\n<div>Im Netzwerk sind Christen aus verschiedenen Gemeinden, die bei Volkswagen arbeiten und in Gebetskreisen organisiert sind.<\/div>\n<div><\/div>\n<div><a href=\"https:\/\/ev-allianz-braunschweig.de\/wp-content\/uploads\/2022\/06\/VW.jpg\"><img decoding=\"async\" loading=\"lazy\" class=\"size-full wp-image-4319 alignleft\" src=\"https:\/\/ev-allianz-braunschweig.de\/wp-content\/uploads\/2022\/06\/VW.jpg\" alt=\"\" width=\"413\" height=\"872\" srcset=\"https:\/\/ev-allianz-braunschweig.de\/wp-content\/uploads\/2022\/06\/VW.jpg 413w, https:\/\/ev-allianz-braunschweig.de\/wp-content\/uploads\/2022\/06\/VW-142x300.jpg 142w\" sizes=\"(max-width: 413px) 100vw, 413px\" \/><\/a><\/div>\n<div><\/div>\n<div><\/div>\n<div><\/div>\n<div><\/div>\n<div><\/div>\n<div><\/div>\n<div><\/div>\n<div><\/div>\n<div><\/div>\n<div><\/div>\n<div><\/div>\n<div><\/div>\n<div><\/div>\n<div><\/div>\n<div><\/div>\n<div><\/div>\n<div><\/div>\n<div><\/div>\n<div><\/div>\n<div><\/div>\n<div><\/div>\n<div><\/div>\n<div><\/div>\n<div><\/div>\n<div><\/div>\n<div><\/div>\n<div><\/div>\n<div><\/div>\n<div><\/div>\n<div><\/div>\n<div><\/div>\n<div><\/div>\n<div><\/div>\n<div><\/div>\n<div><\/div>\n<div><\/div>\n<div><\/div>\n<div><\/div>\n<div><\/div>\n<div><\/div>\n<div><\/div>\n<div><\/div>\n<div><\/div>\n<div><\/div>\n<div><\/div>\n<div><\/div>\n<div><a href=\"https:\/\/ev-allianz-braunschweig.de\/wp-content\/uploads\/2022\/06\/VW2.jpg\"><img decoding=\"async\" loading=\"lazy\" class=\"alignleft size-full wp-image-4320\" src=\"https:\/\/ev-allianz-braunschweig.de\/wp-content\/uploads\/2022\/06\/VW2.jpg\" alt=\"\" width=\"412\" height=\"872\" srcset=\"https:\/\/ev-allianz-braunschweig.de\/wp-content\/uploads\/2022\/06\/VW2.jpg 412w, https:\/\/ev-allianz-braunschweig.de\/wp-content\/uploads\/2022\/06\/VW2-142x300.jpg 142w\" sizes=\"(max-width: 412px) 100vw, 412px\" \/><\/a><\/div>\n<div><\/div>\n<div><\/div>\n<div><\/div>\n<div><\/div>\n<div><\/div>\n<div><\/div>\n<div><\/div>\n<div><\/div>\n<div><\/div>\n<div><\/div>\n<div><\/div>\n<div><\/div>\n<div><\/div>\n<div><\/div>\n<div><\/div>\n<div><\/div>\n<div><\/div>\n<div><\/div>\n<div><\/div>\n<div><\/div>\n<div><\/div>\n<div><\/div>\n<div><\/div>\n<div><\/div>\n<div><\/div>\n<div><\/div>\n<div><\/div>\n<div><\/div>\n<div><\/div>\n<div><\/div>\n<div><\/div>\n<div><\/div>\n<div><\/div>\n<div><\/div>\n<div><\/div>\n<div><\/div>\n<div><\/div>\n<div><\/div>\n<div><\/div>\n<div><\/div>\n<div><\/div>\n<div><\/div>\n<div><\/div>\n<div><\/div>\n<div><\/div>\n<div><\/div>\n<div><\/div>\n<div><\/div>\n<div><\/div>\n<div><\/div>\n<div><\/div>\n<div><\/div>\n<div><\/div>\n<div><\/div>\n<div><\/div>\n","protected":false},"excerpt":{"rendered":"<p>Das\u00a0 Netzwerk &#8220;Christen bei Volkswagen&#8221; veranstaltet am 23.06. um 18 Uhr, in der Ev. Kirche Wendhausen einen Gottesdienst mit Get together f\u00fcr Christen bei Volkswagen und alle, die Interesse haben. Ziel ist es, Christen bei Volkswagen zu vernetzen, zu ermutigen\u00a0Salz und Licht zu sein und zu unseren regelm\u00e4\u00dfigen Gebetskreisen einzuladen &#8211; und nat\u00fcrlich Gott zu [&hellip;]<\/p>\n","protected":false},"author":2,"featured_media":0,"comment_status":"closed","ping_status":"open","sticky":false,"template":"","format":"standard","meta":{"ngg_post_thumbnail":0},"categories":[4],"tags":[],"_links":{"self":[{"href":"https:\/\/ev-allianz-braunschweig.de\/index.php?rest_route=\/wp\/v2\/posts\/4318"}],"collection":[{"href":"https:\/\/ev-allianz-braunschweig.de\/index.php?rest_route=\/wp\/v2\/posts"}],"about":[{"href":"https:\/\/ev-allianz-braunschweig.de\/index.php?rest_route=\/wp\/v2\/types\/post"}],"author":[{"embeddable":true,"href":"https:\/\/ev-allianz-braunschweig.de\/index.php?rest_route=\/wp\/v2\/users\/2"}],"replies":[{"embeddable":true,"href":"https:\/\/ev-allianz-braunschweig.de\/index.php?rest_route=%2Fwp%2Fv2%2Fcomments&post=4318"}],"version-history":[{"count":8,"href":"https:\/\/ev-allianz-braunschweig.de\/index.php?rest_route=\/wp\/v2\/posts\/4318\/revisions"}],"predecessor-version":[{"id":4328,"href":"https:\/\/ev-allianz-braunschweig.de\/index.php?rest_route=\/wp\/v2\/posts\/4318\/revisions\/4328"}],"wp:attachment":[{"href":"https:\/\/ev-allianz-braunschweig.de\/index.php?rest_route=%2Fwp%2Fv2%2Fmedia&parent=4318"}],"wp:term":[{"taxonomy":"category","embeddable":true,"href":"https:\/\/ev-allianz-braunschweig.de\/index.php?rest_route=%2Fwp%2Fv2%2Fcategories&post=4318"},{"taxonomy":"post_tag","embeddable":true,"href":"https:\/\/ev-allianz-braunschweig.de\/index.php?rest_route=%2Fwp%2Fv2%2Ftags&post=4318"}],"curies":[{"name":"wp","href":"https:\/\/api.w.org\/{rel}","templated":true}]}}