{"id":3804,"date":"2022-03-05T20:42:53","date_gmt":"2022-03-05T19:42:53","guid":{"rendered":"https:\/\/ev-allianz-braunschweig.de\/?p=3804"},"modified":"2022-04-01T13:43:58","modified_gmt":"2022-04-01T11:43:58","slug":"30-tage-gebet-fuer-die-islamische-welt","status":"publish","type":"post","link":"https:\/\/ev-allianz-braunschweig.de\/?p=3804","title":{"rendered":"30 Tage Gebet f\u00fcr die islamische Welt"},"content":{"rendered":"<p><a href=\"https:\/\/ev-allianz-braunschweig.de\/wp-content\/uploads\/2021\/04\/30-Tage-Gebet-f\u00fcr-Islam.png\"><img decoding=\"async\" loading=\"lazy\" class=\"size-full wp-image-4195 aligncenter\" src=\"https:\/\/ev-allianz-braunschweig.de\/wp-content\/uploads\/2021\/04\/30-Tage-Gebet-f\u00fcr-Islam.png\" alt=\"\" width=\"992\" height=\"694\" srcset=\"https:\/\/ev-allianz-braunschweig.de\/wp-content\/uploads\/2021\/04\/30-Tage-Gebet-f\u00fcr-Islam.png 992w, https:\/\/ev-allianz-braunschweig.de\/wp-content\/uploads\/2021\/04\/30-Tage-Gebet-f\u00fcr-Islam-300x210.png 300w, https:\/\/ev-allianz-braunschweig.de\/wp-content\/uploads\/2021\/04\/30-Tage-Gebet-f\u00fcr-Islam-768x537.png 768w, https:\/\/ev-allianz-braunschweig.de\/wp-content\/uploads\/2021\/04\/30-Tage-Gebet-f\u00fcr-Islam-400x280.png 400w\" sizes=\"(max-width: 992px) 100vw, 992px\" \/><\/a><strong>Als Evangelische Allianz Braunschweig schlie\u00dfen wir uns dieser Gebetsinitiative an und m\u00f6chten jeden einladen, bei &#8220;30 Tage Gebet f\u00fcr die islamische Welt&#8221; pers\u00f6nlich mitzubeten.<\/strong><\/p>\n<p><!--more--><\/p>\n<p><strong>Hier der Link zum Gebetsheft: <span style=\"color: #800080;\"><a style=\"color: #800080;\" href=\"https:\/\/www.30tagegebet.de\/heftbestellung\/\">https:\/\/www.30tagegebet.de\/heftbestellung\/\u00a0<\/a><\/span><\/strong><\/p>\n<p><span dir=\"ltr\">Das Heft gibt uns Einblick in das Leben von Muslime, damit wir konkret f\u00fcr sie beten k\u00f6nnen. Gleichzeitig beten wir auch f\u00fcr Christen, die in solch einem Umfeld leben, damit ihr Einsatz f\u00fcr Muslime fruchtbar ist.<\/span><\/p>\n<p>&nbsp;<\/p>\n","protected":false},"excerpt":{"rendered":"<p>Als Evangelische Allianz Braunschweig schlie\u00dfen wir uns dieser Gebetsinitiative an und m\u00f6chten jeden einladen, bei &#8220;30 Tage Gebet f\u00fcr die islamische Welt&#8221; pers\u00f6nlich mitzubeten.<\/p>\n","protected":false},"author":2,"featured_media":0,"comment_status":"closed","ping_status":"open","sticky":false,"template":"","format":"standard","meta":{"ngg_post_thumbnail":0},"categories":[4],"tags":[],"_links":{"self":[{"href":"https:\/\/ev-allianz-braunschweig.de\/index.php?rest_route=\/wp\/v2\/posts\/3804"}],"collection":[{"href":"https:\/\/ev-allianz-braunschweig.de\/index.php?rest_route=\/wp\/v2\/posts"}],"about":[{"href":"https:\/\/ev-allianz-braunschweig.de\/index.php?rest_route=\/wp\/v2\/types\/post"}],"author":[{"embeddable":true,"href":"https:\/\/ev-allianz-braunschweig.de\/index.php?rest_route=\/wp\/v2\/users\/2"}],"replies":[{"embeddable":true,"href":"https:\/\/ev-allianz-braunschweig.de\/index.php?rest_route=%2Fwp%2Fv2%2Fcomments&post=3804"}],"version-history":[{"count":8,"href":"https:\/\/ev-allianz-braunschweig.de\/index.php?rest_route=\/wp\/v2\/posts\/3804\/revisions"}],"predecessor-version":[{"id":4197,"href":"https:\/\/ev-allianz-braunschweig.de\/index.php?rest_route=\/wp\/v2\/posts\/3804\/revisions\/4197"}],"wp:attachment":[{"href":"https:\/\/ev-allianz-braunschweig.de\/index.php?rest_route=%2Fwp%2Fv2%2Fmedia&parent=3804"}],"wp:term":[{"taxonomy":"category","embeddable":true,"href":"https:\/\/ev-allianz-braunschweig.de\/index.php?rest_route=%2Fwp%2Fv2%2Fcategories&post=3804"},{"taxonomy":"post_tag","embeddable":true,"href":"https:\/\/ev-allianz-braunschweig.de\/index.php?rest_route=%2Fwp%2Fv2%2Ftags&post=3804"}],"curies":[{"name":"wp","href":"https:\/\/api.w.org\/{rel}","templated":true}]}}