{"id":3506,"date":"2021-08-04T09:00:15","date_gmt":"2021-08-04T07:00:15","guid":{"rendered":"https:\/\/ev-allianz-braunschweig.de\/?p=3506"},"modified":"2021-08-05T13:54:09","modified_gmt":"2021-08-05T11:54:09","slug":"gottesdienste-im-stadtpark-von-mai-august-2021","status":"publish","type":"post","link":"https:\/\/ev-allianz-braunschweig.de\/?p=3506","title":{"rendered":"Gottesdienste 2021 im Stadtpark"},"content":{"rendered":"<p><strong>Von Mai bis August werden wir im Kulturgarten vom HEINRICH &#8211; DAS WIRTSHAUS<br \/>\nan der Jasperallee die besondere M\u00f6glichkeit haben, Gottesdienste zu feiern!<\/strong><!--more--><\/p>\n<p><a href=\"https:\/\/ev-allianz-braunschweig.de\/wp-content\/uploads\/2021\/05\/Plakat_2021_HP.png\"><img decoding=\"async\" loading=\"lazy\" class=\"alignleft size-full wp-image-3871\" src=\"https:\/\/ev-allianz-braunschweig.de\/wp-content\/uploads\/2021\/05\/Plakat_2021_HP.png\" alt=\"\" width=\"601\" height=\"844\" srcset=\"https:\/\/ev-allianz-braunschweig.de\/wp-content\/uploads\/2021\/05\/Plakat_2021_HP.png 601w, https:\/\/ev-allianz-braunschweig.de\/wp-content\/uploads\/2021\/05\/Plakat_2021_HP-214x300.png 214w\" sizes=\"(max-width: 601px) 100vw, 601px\" \/><\/a><\/p>\n<p>&nbsp;<\/p>\n<p>&nbsp;<\/p>\n<p>&nbsp;<\/p>\n<p>&nbsp;<\/p>\n<p>&nbsp;<\/p>\n<p>&nbsp;<\/p>\n<p>&nbsp;<\/p>\n<p>&nbsp;<\/p>\n<p>&nbsp;<\/p>\n<p>&nbsp;<\/p>\n<p>&nbsp;<\/p>\n<p>&nbsp;<\/p>\n<p>&nbsp;<\/p>\n<p>&nbsp;<\/p>\n<p>&nbsp;<\/p>\n<p>&nbsp;<\/p>\n<p>&nbsp;<\/p>\n<p>&nbsp;<\/p>\n<p>&nbsp;<\/p>\n<p>&nbsp;<\/p>\n<p>&nbsp;<\/p>\n<p>&nbsp;<\/p>\n<p>&nbsp;<\/p>\n<p>&nbsp;<\/p>\n<p>&nbsp;<\/p>\n<p>&nbsp;<\/p>\n<p>&nbsp;<\/p>\n<p>&nbsp;<\/p>\n<p>Mit welcher Erwartung gehen wir in die Zukunft?<br \/>\nWelche W\u00fcnsche verbinden uns?<br \/>\nWas h\u00e4lt Gott bereit und passt das zu unseren Hoffnungen?<br \/>\nDie Sommer-Gottesdienste im Stadtpark bieten Momente der Reflexion und Zuversicht. Finden Sie Ihre Antworten im belebenden Ambiente des Parks bei Live-Musik und inspirierenden Andachten.<\/p>\n<p><b>2.5. Robert Lau | 9.5. Dr. Tillmann Kr\u00fcger | 16.5. Silas Bodenh\u00f6fer | 23.5. Tillmann Frey | 30.5. Dr. Michael Bendorf | 6.6. Werner Busch | 13.6. Frank Wegen | 20.6. Matthias Hildermann |\u00a0 27.6. Lars Dedekind | 4.7. Gabriel Correra |<br \/>\n11.7. Michael R\u00f6hl | 18.7. Tanja M\u00fchlan | 25.7. Tobias Kron | 1.8. Joel Darko | 8.8. Joachim J\u00e4ger |<br \/>\n15.8. Thomas Ebel | 22.8. Prince Ansah | 29.8. Michael G\u00f6hring<br \/>\n<\/b><\/p>\n<p>&nbsp;<\/p>\n<p>&nbsp;<\/p>\n","protected":false},"excerpt":{"rendered":"<p>Von Mai bis August werden wir im Kulturgarten vom HEINRICH &#8211; DAS WIRTSHAUS an der Jasperallee die besondere M\u00f6glichkeit haben, Gottesdienste zu feiern!<\/p>\n","protected":false},"author":2,"featured_media":0,"comment_status":"closed","ping_status":"open","sticky":false,"template":"","format":"standard","meta":{"ngg_post_thumbnail":0},"categories":[4],"tags":[],"_links":{"self":[{"href":"https:\/\/ev-allianz-braunschweig.de\/index.php?rest_route=\/wp\/v2\/posts\/3506"}],"collection":[{"href":"https:\/\/ev-allianz-braunschweig.de\/index.php?rest_route=\/wp\/v2\/posts"}],"about":[{"href":"https:\/\/ev-allianz-braunschweig.de\/index.php?rest_route=\/wp\/v2\/types\/post"}],"author":[{"embeddable":true,"href":"https:\/\/ev-allianz-braunschweig.de\/index.php?rest_route=\/wp\/v2\/users\/2"}],"replies":[{"embeddable":true,"href":"https:\/\/ev-allianz-braunschweig.de\/index.php?rest_route=%2Fwp%2Fv2%2Fcomments&post=3506"}],"version-history":[{"count":28,"href":"https:\/\/ev-allianz-braunschweig.de\/index.php?rest_route=\/wp\/v2\/posts\/3506\/revisions"}],"predecessor-version":[{"id":3876,"href":"https:\/\/ev-allianz-braunschweig.de\/index.php?rest_route=\/wp\/v2\/posts\/3506\/revisions\/3876"}],"wp:attachment":[{"href":"https:\/\/ev-allianz-braunschweig.de\/index.php?rest_route=%2Fwp%2Fv2%2Fmedia&parent=3506"}],"wp:term":[{"taxonomy":"category","embeddable":true,"href":"https:\/\/ev-allianz-braunschweig.de\/index.php?rest_route=%2Fwp%2Fv2%2Fcategories&post=3506"},{"taxonomy":"post_tag","embeddable":true,"href":"https:\/\/ev-allianz-braunschweig.de\/index.php?rest_route=%2Fwp%2Fv2%2Ftags&post=3506"}],"curies":[{"name":"wp","href":"https:\/\/api.w.org\/{rel}","templated":true}]}}