{"id":3229,"date":"2023-02-08T07:00:43","date_gmt":"2023-02-08T06:00:43","guid":{"rendered":"https:\/\/ev-allianz-braunschweig.de\/?p=3229"},"modified":"2023-05-19T18:50:34","modified_gmt":"2023-05-19T16:50:34","slug":"aktionswoche-gottinbraunschweig","status":"publish","type":"post","link":"https:\/\/ev-allianz-braunschweig.de\/?p=3229","title":{"rendered":"Aktionswoche GOTTinBraunschweig"},"content":{"rendered":"<div class=\"entry-content article\">\n<p style=\"text-align: center;\"><a href=\"https:\/\/ev-allianz-braunschweig.de\/wp-content\/uploads\/2018\/09\/Logo-GottinBS.jpg\"><img decoding=\"async\" loading=\"lazy\" class=\"wp-image-2152 size-medium img-responsive aligncenter\" src=\"https:\/\/ev-allianz-braunschweig.de\/wp-content\/uploads\/2018\/09\/Logo-GottinBS-300x131.jpg\" sizes=\"(max-width: 300px) 100vw, 300px\" srcset=\"https:\/\/ev-allianz-braunschweig.de\/wp-content\/uploads\/2018\/09\/Logo-GottinBS-300x131.jpg 300w, https:\/\/ev-allianz-braunschweig.de\/wp-content\/uploads\/2018\/09\/Logo-GottinBS-768x335.jpg 768w, https:\/\/ev-allianz-braunschweig.de\/wp-content\/uploads\/2018\/09\/Logo-GottinBS.jpg 796w\" alt=\"\" width=\"300\" height=\"131\" \/><\/a><a href=\"http:\/\/www.gottinbraunschweig.de\"><strong><span style=\"color: #993366;\">www.gottinbraunschweig.de<\/span><\/strong><\/a><\/p>\n<div class=\"entry-content article\">\n<p>Gemeinsam mit vielen Christen aus der gesamten Evangelischen Allianz wollen wir vom <strong>08. \u2013 13. Mai 2023<\/strong> t\u00e4glich in die Stadt gehen, um <strong>Gott in Braunschweig<\/strong> bekannt zu machen.<\/p>\n<\/div>\n<p><span id=\"more-3229\"><\/span>Ausger\u00fcstet durch eine t\u00e4gliche kurze Schulung und unterwegs zu zweit als Team kannst auch du dich in dieser Woche mit auf den Weg machen, <strong>Gott in Braunschweig<\/strong> zu bezeugen.<\/p>\n<p>Lass dich herausfordern, gerade auch dann, wenn du so einen Schritt noch nie gegangen bist und ergreife die Chance, Menschen das Evangelium zu bringen und <strong>Gott in Braunschweig<\/strong> sichtbar zu machen.<\/p>\n<p>Jeweils morgens und am Nachmittag werden wir in der Stadt unterwegs sein.<\/p>\n<p><strong><br \/>\nT\u00e4glich treffen wir uns zur Vorbereitung im CVJM (Wollmarkt 9-11)!<br \/>\nVormittags:<br \/>\n<\/strong>10.00 \u2013 11.00 Uhr Schulung + Gebet + Sendung<br \/>\n11.00 \u2013 12.30 Uhr Einsatz<br \/>\n12.30 \u2013 13.00 Uhr Austausch<\/p>\n<p><strong>Nachmittags:<br \/>\n<\/strong>16.00 \u2013 17.00 Uhr Schulung + Gebet + Sendung<br \/>\n17.00 \u2013 18.30 Uhr Einsatz<br \/>\n18.30 \u2013 19.00 Uhr Austausch<\/p>\n<p>Sei dabei, blocke dir den 08. \u2013 13. Mai, vielleicht kannst du dir die Woche frei nehmen,<br \/>\nwir brauchen DICH, damit <strong>Gott in Braunschweig<\/strong> durch DICH Gro\u00dfes bewirken kann!<\/p>\n<p><strong>Die Eins\u00e4tze werden t\u00e4glich von Gebet begleitet: 17-18 Uhr im CVJM! Jeder ist herzlich willkommen, der nicht mit \u201edrau\u00dfen ist\u201c und die Aktion auf diese Weise begleiten m\u00f6chte!<\/strong><\/p>\n<p>&nbsp;<\/p>\n<p><span style=\"color: #993366;\"><strong>Am Freitag, den 12. Mai treffen wir uns zum FRIDAY OUTREACH um 16.00 Uhr zur Schulung\u00a0im ChristusZentrum BS (Am Alten Bahnhof 15), starten anschlie\u00dfend von dort zu den Eins\u00e4tzen in die Innenstadt.<br \/>\nNach dem Einsatz treffen wir uns um 19.00 Uhr zu einem Zeugnis-Abend im ChristusZentrum BS, wollen von unseren Erlebnissen auf der Strasse h\u00f6ren und unserem HERRN die Ehre geben!<\/strong><\/span><\/p>\n<p><span style=\"color: #339966;\"><strong>Am Samstag, den 13. Mai findet am Vormittag kein Einsatz statt, daf\u00fcr treffen wir uns um 15.00 Uhr im Prinzenpark, um dort mit Musik, Theater &amp; Message f\u00fcr die Stadtpark-Gottesdienste einzuladen!<\/strong><\/span><\/p>\n<p><a href=\"https:\/\/ev-allianz-braunschweig.de\/wp-content\/uploads\/2023\/04\/FRIDAY-OUTREACH-Branschweig.jpg\"><img decoding=\"async\" loading=\"lazy\" class=\"size-full wp-image-4812 aligncenter\" src=\"https:\/\/ev-allianz-braunschweig.de\/wp-content\/uploads\/2023\/04\/FRIDAY-OUTREACH-Branschweig.jpg\" alt=\"\" width=\"878\" height=\"621\" srcset=\"https:\/\/ev-allianz-braunschweig.de\/wp-content\/uploads\/2023\/04\/FRIDAY-OUTREACH-Branschweig.jpg 878w, https:\/\/ev-allianz-braunschweig.de\/wp-content\/uploads\/2023\/04\/FRIDAY-OUTREACH-Branschweig-300x212.jpg 300w, https:\/\/ev-allianz-braunschweig.de\/wp-content\/uploads\/2023\/04\/FRIDAY-OUTREACH-Branschweig-768x543.jpg 768w\" sizes=\"(max-width: 878px) 100vw, 878px\" \/><\/a><\/p>\n<p><strong><em>So habe ich Grund, mich \u00fcber alles zu freuen, was Christus Jesus durch mich in meinem Dienst f\u00fcr Gott getan hat. <\/em><\/strong><strong><em>Ich w\u00fcrde es nicht wagen, auf etwas anderes stolz zu sein als auf Christus, der die anderen V\u00f6lker durch mein Reden und Tun zu Gott gef\u00fchrt hat. Ich habe sie gewonnen durch die Wunder, die als Zeichen Gottes durch mich geschahen und durch die Kraft des Heiligen Geistes. Auf diese Weise habe ich die Botschaft von Christus \u00fcberall verbreitet!<br \/>\nR\u00f6mer 15, 17 \u2013 19<\/em><\/strong><\/p>\n<\/div>\n<p><!--more--><\/p>\n<p><!--more--><\/p>\n<p><!--more--><\/p>\n<p><span style=\"color: #808080;\">\u00a0<\/span><\/p>\n<p>&nbsp;<\/p>\n","protected":false},"excerpt":{"rendered":"<p>www.gottinbraunschweig.de Gemeinsam mit vielen Christen aus der gesamten Evangelischen Allianz wollen wir vom 08. \u2013 13. Mai 2023 t\u00e4glich in die Stadt gehen, um Gott in Braunschweig bekannt zu machen. Ausger\u00fcstet durch eine t\u00e4gliche kurze Schulung und unterwegs zu zweit als Team kannst auch du dich in dieser Woche mit auf den Weg machen, Gott [&hellip;]<\/p>\n","protected":false},"author":2,"featured_media":3187,"comment_status":"closed","ping_status":"open","sticky":false,"template":"","format":"standard","meta":{"ngg_post_thumbnail":0},"categories":[4],"tags":[],"_links":{"self":[{"href":"https:\/\/ev-allianz-braunschweig.de\/index.php?rest_route=\/wp\/v2\/posts\/3229"}],"collection":[{"href":"https:\/\/ev-allianz-braunschweig.de\/index.php?rest_route=\/wp\/v2\/posts"}],"about":[{"href":"https:\/\/ev-allianz-braunschweig.de\/index.php?rest_route=\/wp\/v2\/types\/post"}],"author":[{"embeddable":true,"href":"https:\/\/ev-allianz-braunschweig.de\/index.php?rest_route=\/wp\/v2\/users\/2"}],"replies":[{"embeddable":true,"href":"https:\/\/ev-allianz-braunschweig.de\/index.php?rest_route=%2Fwp%2Fv2%2Fcomments&post=3229"}],"version-history":[{"count":55,"href":"https:\/\/ev-allianz-braunschweig.de\/index.php?rest_route=\/wp\/v2\/posts\/3229\/revisions"}],"predecessor-version":[{"id":4834,"href":"https:\/\/ev-allianz-braunschweig.de\/index.php?rest_route=\/wp\/v2\/posts\/3229\/revisions\/4834"}],"wp:featuredmedia":[{"embeddable":true,"href":"https:\/\/ev-allianz-braunschweig.de\/index.php?rest_route=\/wp\/v2\/media\/3187"}],"wp:attachment":[{"href":"https:\/\/ev-allianz-braunschweig.de\/index.php?rest_route=%2Fwp%2Fv2%2Fmedia&parent=3229"}],"wp:term":[{"taxonomy":"category","embeddable":true,"href":"https:\/\/ev-allianz-braunschweig.de\/index.php?rest_route=%2Fwp%2Fv2%2Fcategories&post=3229"},{"taxonomy":"post_tag","embeddable":true,"href":"https:\/\/ev-allianz-braunschweig.de\/index.php?rest_route=%2Fwp%2Fv2%2Ftags&post=3229"}],"curies":[{"name":"wp","href":"https:\/\/api.w.org\/{rel}","templated":true}]}}