{"id":2794,"date":"2019-10-15T13:22:51","date_gmt":"2019-10-15T11:22:51","guid":{"rendered":"https:\/\/ev-allianz-braunschweig.de\/?p=2794"},"modified":"2019-12-23T09:28:28","modified_gmt":"2019-12-23T08:28:28","slug":"kranzniederlegung-zur-reichsprogromnacht","status":"publish","type":"post","link":"https:\/\/ev-allianz-braunschweig.de\/?p=2794","title":{"rendered":"Kranzniederlegung zur Reichsprogromnacht"},"content":{"rendered":"<div><a href=\"https:\/\/ev-allianz-braunschweig.de\/wp-content\/uploads\/2019\/10\/15-1109_GedenkenReichspogromnacht-BS.jpg\"><img decoding=\"async\" loading=\"lazy\" class=\"alignleft size-full wp-image-2795\" src=\"https:\/\/ev-allianz-braunschweig.de\/wp-content\/uploads\/2019\/10\/15-1109_GedenkenReichspogromnacht-BS.jpg\" alt=\"\" width=\"949\" height=\"330\" srcset=\"https:\/\/ev-allianz-braunschweig.de\/wp-content\/uploads\/2019\/10\/15-1109_GedenkenReichspogromnacht-BS.jpg 949w, https:\/\/ev-allianz-braunschweig.de\/wp-content\/uploads\/2019\/10\/15-1109_GedenkenReichspogromnacht-BS-300x104.jpg 300w, https:\/\/ev-allianz-braunschweig.de\/wp-content\/uploads\/2019\/10\/15-1109_GedenkenReichspogromnacht-BS-768x267.jpg 768w\" sizes=\"(max-width: 949px) 100vw, 949px\" \/><\/a><\/div>\n<div class=\"pre\"><span style=\"color: #000099; font-size: small;\"><strong>Kranzniederlegung zur Reichsprogromnacht <\/strong><\/span><\/div>\n<div class=\"pre\"><span style=\"color: #000099; font-size: small;\"><strong>vor der ehemaligen Synagoge in der Alten Knochenhauerstra\u00dfe<\/strong><\/span><\/div>\n<div class=\"pre\"><span style=\"color: #000099; font-size: small;\"><strong>Freitag 08. November 2019 15:30h &#8211; ca. 16:00h!<\/strong><\/span><\/div>\n<p><!--more--><span style=\"color: #000099;\">&#8212;&#8212;&#8212;&#8212;&#8212;&#8212;&#8212;&#8212;&#8212;&#8212;&#8212;&#8212;&#8212;&#8212;&#8212;&#8212;&#8212;&#8212;&#8212;&#8212;&#8212;&#8212;&#8212;&#8212;&#8212;&#8212;&#8212;&#8212;&#8212;&#8212;&#8212;&#8212;&#8212;&#8212;<br \/>\n<\/span><span style=\"color: #000099;\">M\u00e4nner kommen mit Kopfbedeckung, Alle kommen mit angemessener Kleidung.<\/span><\/p>\n<div class=\"pre\"><\/div>\n<div><\/div>\n<div><\/div>\n<div><\/div>\n<div><\/div>\n<div><\/div>\n<div class=\"pre\">Es w\u00fcrde die Juden in unserer Stadt<strong> tats\u00e4chlich sehr ermutigen,<\/strong> wenn bei der Kranzniederlegung am 08. November <strong>viele Braunschweiger<\/strong> ihre <strong>Solidarit\u00e4t<\/strong> bekunden w\u00fcrden.<\/div>\n<div class=\"pre\">Dieses nach zuletzt r\u00fcckl\u00e4ufigen Teilnehmerzahlen, wie eine Offzielle der j\u00fcdischen Gemeinde sagte.<\/div>\n<div class=\"pre\"><\/div>\n<div class=\"pre\"><strong>Wollen nicht wir deutlich darauf antworten?<\/strong><\/div>\n<div class=\"pre\">Wie w\u00e4re es, wenn zusammen mit vielen Anderen, Viele aus den Gemeinden dort stehen w\u00fcrden?<\/div>\n<div class=\"pre\">&#8211;&gt; Es gilt <strong>jetzt<\/strong>, ein Zeichen zu setzen!<\/div>\n","protected":false},"excerpt":{"rendered":"<p>Kranzniederlegung zur Reichsprogromnacht vor der ehemaligen Synagoge in der Alten Knochenhauerstra\u00dfe Freitag 08. November 2019 15:30h &#8211; ca. 16:00h!<\/p>\n","protected":false},"author":2,"featured_media":0,"comment_status":"closed","ping_status":"open","sticky":false,"template":"","format":"standard","meta":{"ngg_post_thumbnail":0},"categories":[4],"tags":[],"_links":{"self":[{"href":"https:\/\/ev-allianz-braunschweig.de\/index.php?rest_route=\/wp\/v2\/posts\/2794"}],"collection":[{"href":"https:\/\/ev-allianz-braunschweig.de\/index.php?rest_route=\/wp\/v2\/posts"}],"about":[{"href":"https:\/\/ev-allianz-braunschweig.de\/index.php?rest_route=\/wp\/v2\/types\/post"}],"author":[{"embeddable":true,"href":"https:\/\/ev-allianz-braunschweig.de\/index.php?rest_route=\/wp\/v2\/users\/2"}],"replies":[{"embeddable":true,"href":"https:\/\/ev-allianz-braunschweig.de\/index.php?rest_route=%2Fwp%2Fv2%2Fcomments&post=2794"}],"version-history":[{"count":9,"href":"https:\/\/ev-allianz-braunschweig.de\/index.php?rest_route=\/wp\/v2\/posts\/2794\/revisions"}],"predecessor-version":[{"id":2804,"href":"https:\/\/ev-allianz-braunschweig.de\/index.php?rest_route=\/wp\/v2\/posts\/2794\/revisions\/2804"}],"wp:attachment":[{"href":"https:\/\/ev-allianz-braunschweig.de\/index.php?rest_route=%2Fwp%2Fv2%2Fmedia&parent=2794"}],"wp:term":[{"taxonomy":"category","embeddable":true,"href":"https:\/\/ev-allianz-braunschweig.de\/index.php?rest_route=%2Fwp%2Fv2%2Fcategories&post=2794"},{"taxonomy":"post_tag","embeddable":true,"href":"https:\/\/ev-allianz-braunschweig.de\/index.php?rest_route=%2Fwp%2Fv2%2Ftags&post=2794"}],"curies":[{"name":"wp","href":"https:\/\/api.w.org\/{rel}","templated":true}]}}