{"id":198,"date":"2018-01-05T10:00:02","date_gmt":"2018-01-05T09:00:02","guid":{"rendered":"http:\/\/allianz2015.apps-1and1.net\/?p=198"},"modified":"2018-01-23T09:29:36","modified_gmt":"2018-01-23T08:29:36","slug":"allianz-gebetswoche-2018","status":"publish","type":"post","link":"https:\/\/ev-allianz-braunschweig.de\/?p=198","title":{"rendered":"Allianz Gebetswoche 2018"},"content":{"rendered":"<p><strong>Vom 14.-20.01.2018 findet die allj\u00e4hrliche Allianz Gebetswoche in Braunschweig statt.<\/strong><!--more--><\/p>\n<p><a href=\"https:\/\/ev-allianz-braunschweig.de\/wp-content\/uploads\/2017\/01\/Foto-2018.png\"><img decoding=\"async\" loading=\"lazy\" class=\"alignleft size-full wp-image-1623\" src=\"https:\/\/ev-allianz-braunschweig.de\/wp-content\/uploads\/2017\/01\/Foto-2018.png\" alt=\"\" width=\"665\" height=\"471\" srcset=\"https:\/\/ev-allianz-braunschweig.de\/wp-content\/uploads\/2017\/01\/Foto-2018.png 665w, https:\/\/ev-allianz-braunschweig.de\/wp-content\/uploads\/2017\/01\/Foto-2018-300x212.png 300w\" sizes=\"(max-width: 665px) 100vw, 665px\" \/><\/a><\/p>\n<p>&nbsp;<\/p>\n<h5><\/h5>\n<h5><strong>Die Termine<\/strong><\/h5>\n<ul>\n<li style=\"list-style-type: none;\">\n<ul>\n<li><strong>So 14.01.18 \u00a0\u00a0 18.00 Uhr<\/strong> \u00a0\u00a0\u00a0\u00a0\u00a0\u00a0\u00a0\u00a0\u00a0\u00a0 <strong>Auftakt-Gottesdienst<br \/>\n<\/strong>LKG, Karlstrasse 95<\/li>\n<\/ul>\n<\/li>\n<\/ul>\n<p>&nbsp;<\/p>\n<ul>\n<li style=\"list-style-type: none;\">\n<ul>\n<li><strong>Mo 15.01.18 \u00a0 19.30 Uhr<\/strong>\u00a0\u00a0\u00a0\u00a0\u00a0\u00a0\u00a0\u00a0\u00a0\u00a0\u00a0 <strong>Gebetsabend<br \/>\n<\/strong>Stephanus-Gemeinde, Halberstadtstra\u00dfe 9<\/li>\n<\/ul>\n<\/li>\n<\/ul>\n<p>&nbsp;<\/p>\n<ul>\n<li style=\"list-style-type: none;\">\n<ul>\n<li><strong>Di 16.01.18 \u00a0\u00a0 19.30 Uhr<\/strong> \u00a0\u00a0\u00a0\u00a0\u00a0\u00a0\u00a0\u00a0\u00a0\u00a0\u00a0\u00a0 <strong>Gebetsabend<br \/>\n<\/strong><span style=\"color: #ff0000;\">\u00c4nderung! neu: <\/span>Ecclesia Gemeinde, Boeselagerstr. 15<\/li>\n<\/ul>\n<\/li>\n<\/ul>\n<p>&nbsp;<\/p>\n<ul>\n<li style=\"list-style-type: none;\">\n<ul>\n<li><strong>Mi 17.01.18 \u00a0 19.30 Uhr<\/strong> \u00a0\u00a0\u00a0\u00a0\u00a0\u00a0 \u00a0 \u00a0\u00a0\u00a0 <strong>Gebetsabend<br \/>\n<\/strong>Friedenskirche, K\u00e4lberwiese 1<\/li>\n<\/ul>\n<\/li>\n<\/ul>\n<p>&nbsp;<\/p>\n<ul>\n<li style=\"list-style-type: none;\">\n<ul>\n<li><strong>Do 18.01.18 \u00a0 19.30 Uhr<\/strong> \u00a0\u00a0\u00a0\u00a0\u00a0\u00a0\u00a0\u00a0\u00a0\u00a0\u00a0 <strong>Gebetsabend<br \/>\n<\/strong>Adventgemeinde, B\u00fcltenweg 14<\/li>\n<\/ul>\n<\/li>\n<\/ul>\n<p>&nbsp;<\/p>\n<ul>\n<li style=\"list-style-type: none;\">\n<ul>\n<li><strong>Fr\u00a0 19.01.18 \u00a0 19:30 Uhr<\/strong>\u00a0\u00a0\u00a0\u00a0\u00a0\u00a0\u00a0 \u00a0 \u00a0\u00a0\u00a0 <strong>Gebetsabend<br \/>\n<\/strong>Christliche Schule BS, Steinriedendamm 40<\/li>\n<\/ul>\n<\/li>\n<\/ul>\n<p>&nbsp;<\/p>\n<ul>\n<li style=\"list-style-type: none;\">\n<ul>\n<li><strong>Fr\u00a0 19.01.18 \u00a0 19:00 Uhr<\/strong>\u00a0\u00a0\u00a0\u00a0\u00a0\u00a0\u00a0 \u00a0 \u00a0\u00a0\u00a0 <strong>Jugend-Gebetsabend<\/strong><br \/>\nEv. Freikirche Querum, Westfalenplatz 8<\/li>\n<\/ul>\n<\/li>\n<\/ul>\n<p>&nbsp;<\/p>\n<ul>\n<li style=\"list-style-type: none;\">\n<ul>\n<li><strong>Fr\u00a0 19.01.18 \u00a0\u00a0 22:00<\/strong> <strong>bis Sa 8.00 Uhr<\/strong>\u00a0\u00a0\u00a0\u00a0 <strong>Gebetsnacht<br \/>\n<\/strong>Christliche Schule BS, Steinriedendamm 40<br \/>\nInfos siehe unten unter &#8220;Extras&#8221;&#8230;<\/li>\n<\/ul>\n<\/li>\n<\/ul>\n<p>&nbsp;<\/p>\n<ul>\n<li style=\"list-style-type: none;\">\n<ul>\n<li><strong>Sa\u00a0 20.01.18\u00a0<\/strong>\u00a0 <strong>19.30 Uhr<\/strong>\u00a0 <strong><strong>Konzert mit Mia &amp; Juri Friesen <\/strong><\/strong><strong><strong><br \/>\n<\/strong><\/strong>Einlass: 19:00Uhr &#8211; Beginn: 19:30Uhr<br \/>\n<span style=\"color: #ff0000;\">\u00c4nderung! neu:<\/span> Christuszentrum, Am Alten Bahnhof 15<br \/>\nEintritt frei (&#8230;um Spenden wird gebeten)<\/li>\n<\/ul>\n<\/li>\n<\/ul>\n<p style=\"text-align: left;\">______________________________________________<\/p>\n<p style=\"text-align: left;\"><strong>Konzert mit Mia &amp; Juri Friesen:<br \/>\n<\/strong>Mia Friesen &amp; Juri Friesen sind vereiratet, gemeinsam haben sie drei Kinder. Beide sind Mitbegr\u00fcnder der Outbreakband und arbeiteten seit 2007 viele Jahre im Glaubenszentrum Bad Gandersheim.<br \/>\nMia war dort Lehrerin an der \u201eSchool of Worship\u201c sowie auch im regul\u00e4ren Bibelschulprogramm, zudem als S\u00e4ngerin, Lobpreisleiterin und Songwriterin aktiv.<br \/>\nJuri war als Musikbereichsleiter f\u00fcr die \u201eSchool of Worship\u201c und die \u201eOutbreakband\u201c verantwortlich. Seit 2008 ist er ebenfalls als Produzent, S\u00e4nger und Gitarrist an zahlreichen CDs sowie auch DVDs beteiligt.<br \/>\nIn 2016 haben sie als Familie Bad Gandersheim verlassen und sind seitdem in der Urban Life Church in Ludwigsburg beheimatet.<\/p>\n<p><strong><a href=\"https:\/\/ev-allianz-braunschweig.de\/wp-content\/uploads\/2017\/12\/Mia-und-Juri-Friesen.jpg\"><img decoding=\"async\" loading=\"lazy\" class=\"size-full wp-image-1641 aligncenter\" src=\"https:\/\/ev-allianz-braunschweig.de\/wp-content\/uploads\/2017\/12\/Mia-und-Juri-Friesen.jpg\" alt=\"\" width=\"246\" height=\"258\" \/><\/a><br \/>\n<\/strong><strong>Wir freuen uns auf einen Konzertabend mit vielen bekannten Lobpreisliedern, die uns gemeinsam in die Anbetung f\u00fcr unseren gro\u00dfen Gott f\u00fchren werden.<\/strong><\/p>\n<p><strong>Alle Termine als pdf &#8211; download:<\/strong> <a href=\"https:\/\/ev-allianz-braunschweig.de\/wp-content\/uploads\/2017\/11\/Allianzgebetswoche-2018-Flyer.doc\"><strong><span style=\"color: #993366;\">Allianzgebetswoche 2018 Flyer<\/span><\/strong><\/a><\/p>\n<p><strong>Extras<\/strong>:<br \/>\nVon Freitag (19.1.) 22.00Uhr bis Samstag 8:00Uhr findet in der Christlichen Schule Braunschweig (Steinriedendamm 40) eine Gebetsnacht statt. <strong>Jeder<\/strong> ist zu <strong>jeder<\/strong> Nacht-Zeit herzlich willkommen.<br \/>\nGebetsleiter: von Gebetshaus BS und beteiligten Allianz-Gemeinden.<br \/>\nR\u00fcckfragen an: <span style=\"color: #3366ff;\"><a style=\"color: #3366ff; text-decoration: underline;\" href=\"mailto:gebetshausbraunschweig@gmail.com\" target=\"_blank\" rel=\"noopener noreferrer\"><span style=\"color: #993366; text-decoration: underline;\">gebetshausbraunschweig@gmail.com<\/span><br \/>\n<\/a><\/span><\/p>\n<p>Die Allianz Gebetswoche in Braunschweig wir durchgef\u00fchrt in Kooperation mit:<\/p>\n<p style=\"text-align: center;\"><a href=\"https:\/\/ev-allianz-braunschweig.de\/wp-content\/uploads\/2017\/12\/Gebetshaus_Gold.jpg\"><img decoding=\"async\" loading=\"lazy\" class=\"wp-image-1630 aligncenter\" src=\"https:\/\/ev-allianz-braunschweig.de\/wp-content\/uploads\/2017\/12\/Gebetshaus_Gold.jpg\" alt=\"\" width=\"309\" height=\"245\" \/><\/a><a href=\"http:\/\/www.gebetshaus-bs.de\"><span style=\"color: #ff9900;\"><span style=\"color: #ffcc00;\"><span style=\"color: #ff6600;\"><span style=\"color: #ffcc00;\"><span style=\"color: #ff9900;\"><span style=\"color: #999999;\"><span style=\"color: #808080;\"><span style=\"color: #333333;\"><span style=\"color: #993366;\">www.gebetshaus-bs.de<\/span><\/span><\/span><\/span><\/span><\/span><\/span><\/span><\/span><\/a><\/p>\n<p>&nbsp;<\/p>\n<p>&nbsp;<\/p>\n<p><strong>Das Thema in diesem Jahr hei\u00dft: &#8220;Als Pilger und Fremde unterwegs&#8221;!<br \/>\n<\/strong><\/p>\n<p><span style=\"text-decoration: underline;\">Die Themen der Gebetswoche 2018 im \u00dcberblick:<\/span><\/p>\n<p>Abraham &#8211; Glaube setzt in Bewegung &#8211; 1. Mose 12, 1-3\u00a0 (Sonntag, 14.01.)<br \/>\nJosef &#8211; Am Ende wird es gut &#8211; 1. Mose 50, 17-20\u00a0 (Montag, 15.01.)<br \/>\nRut &#8211; In der Fremde Heimat finden &#8211; Rut 1, 16\u00a0 (Dienstag, 16.01.)<br \/>\nDaniel &#8211; Standhaft in der Verfolgung &#8211; Daniel 3, 8-18\u00a0 (Mittwoch, 17.01.)<br \/>\nJona &#8211; Gott will alle\u00a0 &#8211; Jona 4, 1+2, 10+11\u00a0 (Donnerstag, 18.01.)<br \/>\nPaulus &#8211; Das Ziel im Auge behalten &#8211; Philipper 1, 20-26\u00a0\u00a0 (Freitag, 19.01.)<br \/>\nPriscilla und Aquila &#8211; Gefl\u00fcchtete werden zum Segen &#8211; Apostelgeschichte 18, 1-4\u00a0 (Samstag, 20.01.)<\/p>\n<p>&nbsp;<\/p>\n","protected":false},"excerpt":{"rendered":"<p>Vom 14.-20.01.2018 findet die allj\u00e4hrliche Allianz Gebetswoche in Braunschweig statt.<\/p>\n","protected":false},"author":3,"featured_media":0,"comment_status":"closed","ping_status":"open","sticky":false,"template":"","format":"standard","meta":{"ngg_post_thumbnail":0},"categories":[4],"tags":[],"_links":{"self":[{"href":"https:\/\/ev-allianz-braunschweig.de\/index.php?rest_route=\/wp\/v2\/posts\/198"}],"collection":[{"href":"https:\/\/ev-allianz-braunschweig.de\/index.php?rest_route=\/wp\/v2\/posts"}],"about":[{"href":"https:\/\/ev-allianz-braunschweig.de\/index.php?rest_route=\/wp\/v2\/types\/post"}],"author":[{"embeddable":true,"href":"https:\/\/ev-allianz-braunschweig.de\/index.php?rest_route=\/wp\/v2\/users\/3"}],"replies":[{"embeddable":true,"href":"https:\/\/ev-allianz-braunschweig.de\/index.php?rest_route=%2Fwp%2Fv2%2Fcomments&post=198"}],"version-history":[{"count":77,"href":"https:\/\/ev-allianz-braunschweig.de\/index.php?rest_route=\/wp\/v2\/posts\/198\/revisions"}],"predecessor-version":[{"id":237,"href":"https:\/\/ev-allianz-braunschweig.de\/index.php?rest_route=\/wp\/v2\/posts\/198\/revisions\/237"}],"wp:attachment":[{"href":"https:\/\/ev-allianz-braunschweig.de\/index.php?rest_route=%2Fwp%2Fv2%2Fmedia&parent=198"}],"wp:term":[{"taxonomy":"category","embeddable":true,"href":"https:\/\/ev-allianz-braunschweig.de\/index.php?rest_route=%2Fwp%2Fv2%2Fcategories&post=198"},{"taxonomy":"post_tag","embeddable":true,"href":"https:\/\/ev-allianz-braunschweig.de\/index.php?rest_route=%2Fwp%2Fv2%2Ftags&post=198"}],"curies":[{"name":"wp","href":"https:\/\/api.w.org\/{rel}","templated":true}]}}