{"id":1960,"date":"2018-05-14T20:08:06","date_gmt":"2018-05-14T18:08:06","guid":{"rendered":"https:\/\/ev-allianz-braunschweig.de\/?p=1960"},"modified":"2018-05-16T17:55:25","modified_gmt":"2018-05-16T15:55:25","slug":"film-kooperation-mit-dem-c1-cinema","status":"publish","type":"post","link":"https:\/\/ev-allianz-braunschweig.de\/?p=1960","title":{"rendered":"Film-Kooperation mit dem C1-Cinema"},"content":{"rendered":"<p><strong>So kurz vor dem Festival-Start treffen wir uns am 31. Mai im C1-Cinema, um gemeinsam den Film I CAN ONLY IMAGINE zu schauen. Wir freuen uns \u00fcber diese erneute Kooperation mit dem Kino!<\/strong><!--more--><\/p>\n<p><strong>Anschlie\u00dfend gestalten wir eine Talkrunde im Kinosaal und lassen den Abend mit einem <em>get together<\/em> im Foyer ausklingen. Seid alle herzlich eingeladen, der Vorverkauf hat begonnen: <a href=\"https:\/\/www.c1-cinema.de\/programm\/item\/8491-imagine\"><span style=\"color: #993366;\">https:\/\/www.c1-cinema.de<\/span><\/a><\/strong><\/p>\n<p>Hinweis: f\u00fcr Gruppen ab 10 Personen bietet das Kino g\u00fcnstige Gruppentarife (5,00 \u20ac\/ Person) bei telefonischer oder Anmeldung per Mail (T: 01805\/ 012660 oder <a href=\"mailto:info@c1-cinema.de\">info@c1-cinema.de<\/a>)<\/p>\n<p>&nbsp;<\/p>\n<p><a href=\"https:\/\/ev-allianz-braunschweig.de\/wp-content\/uploads\/2018\/05\/monitorbild_premiere_I_CAN_ONLY_IMAGINE.jpg\"><img decoding=\"async\" loading=\"lazy\" class=\"alignleft size-full wp-image-1961\" src=\"https:\/\/ev-allianz-braunschweig.de\/wp-content\/uploads\/2018\/05\/monitorbild_premiere_I_CAN_ONLY_IMAGINE.jpg\" alt=\"\" width=\"1360\" height=\"768\" srcset=\"https:\/\/ev-allianz-braunschweig.de\/wp-content\/uploads\/2018\/05\/monitorbild_premiere_I_CAN_ONLY_IMAGINE.jpg 1360w, https:\/\/ev-allianz-braunschweig.de\/wp-content\/uploads\/2018\/05\/monitorbild_premiere_I_CAN_ONLY_IMAGINE-300x169.jpg 300w, https:\/\/ev-allianz-braunschweig.de\/wp-content\/uploads\/2018\/05\/monitorbild_premiere_I_CAN_ONLY_IMAGINE-768x434.jpg 768w, https:\/\/ev-allianz-braunschweig.de\/wp-content\/uploads\/2018\/05\/monitorbild_premiere_I_CAN_ONLY_IMAGINE-1024x578.jpg 1024w\" sizes=\"(max-width: 1360px) 100vw, 1360px\" \/><\/a>I CAN ONLY IMAGINE<\/p>\n<p>Special: 31.05. um 19:45 Uhr<\/p>\n<p>Drama; USA 2018; 110 Min.<\/p>\n<p>I CAN ONLY IMAGINE war der \u00dcberraschungserfolg in den USA in diesem Fr\u00fchjahr. Der Film erz\u00e4hlt die bewegende und zutiefst spirituelle Geschichte, wie der gleichnamige Song der Band MercyMe entstand und zum Millionenhit wurde, und ist zugleich die ber\u00fchrende Lebensgeschichte von MercyMe-Leads\u00e4nger Bart Millard. Dieser musste sich seinen Weg auf die sonnige Seite des Lebens erst hart erk\u00e4mpfen \u2013 und zeigt damit, wie man zu sich selbst finden kann und alle Hindernisse des Lebens meistert. So sch\u00f6pfen auch die Zuschauer viel Kraft, um den dunkelsten Momenten zu entkommen und man lernt, das Leben zu lieben.<\/p>\n<p>Der junge Bart Millard (Brody Rose) wohnt mit seinen Eltern auf dem Land. Sein Vater Arthur (Dennis Quaid) ist gewaltt\u00e4tig und als seine Mutter die Familie eines Tages verl\u00e4sst, bleibt Bart alleine bei seinem Vater zur\u00fcck. Nach einem schweren Unfall beim Football muss sich Bart ein neues Wahlfach aussuchen und landet so im Chorunterricht. Dort erkennt die Lehrerin Barts Talent und f\u00f6rdert ihn. Nach dem Schulabschluss tingelt Bart (J. Michael Finley) mit seiner Band durch die Lande. Ein Musikagent will ihn noch nicht unter Vertrag nehmen, denn er sei noch nicht so weit. Erst als er sich seiner Vergangenheit stellt, gelingt es ihm, sein ganzes Herzblut in das Lied \u201eI Can Only Imagine\u201c zu stecken. Der Song wird ein Welterfolg und Bart erreicht mit seiner Band MercyMe ein Millionenpublikum&#8230;<\/p>\n<p><a href=\"https:\/\/youtu.be\/L0hkfAlMpaw\"><span style=\"color: #993366;\"><strong>https:\/\/youtu.be\/L0hkfAlMpaw<\/strong><\/span><\/a><\/p>\n<p><em>Hintergrund: \u201eDie Zeit heilt alle Wunden\u201c&#8230; Wer kennt ihn nicht? Den Ausspruch aus dem Volksmund, der besagt, dass einfach nur genug Zeit verstreichen muss um erlebtes Beziehungsleid verarbeiten zu k\u00f6nnen. Aber ist dem wirklich so? Und was hilft wirklich zu vergeben? Ist Vergebung n\u00f6tig? Und vor allem: wie kann sie gelingen? <\/em><\/p>\n<p><em>Diese und noch weitere Fragen werden sich die Talkg\u00e4ste im Anschlu\u00df an die Filmvorstellung stellen und das Thema aus den verschiedensten Perspektiven beleuchten. Als Talkg\u00e4ste stellen sich:<\/em><\/p>\n<ul>\n<li><em> Anabell Schrader, Lange Jahre Erfahrung in der Beratung von Beziehungsproblemen \u00fcber Team.F\u00a0 <\/em><\/li>\n<li><em> Toby Kron, Buchautor zum Thema Vergebung <\/em><\/li>\n<li><em> Ute Stutzenecker, Vergibt ihrem Ehemann, der nicht zu ihr zur\u00fcckkehrt <\/em><\/li>\n<li><em> Eugenia Duckhart, Zoe-Teacher<\/em><\/li>\n<\/ul>\n","protected":false},"excerpt":{"rendered":"<p>So kurz vor dem Festival-Start treffen wir uns am 31. Mai im C1-Cinema, um gemeinsam den Film I CAN ONLY IMAGINE zu schauen. Wir freuen uns \u00fcber diese erneute Kooperation mit dem Kino!<\/p>\n","protected":false},"author":2,"featured_media":1962,"comment_status":"closed","ping_status":"open","sticky":false,"template":"","format":"standard","meta":{"ngg_post_thumbnail":0},"categories":[4],"tags":[],"_links":{"self":[{"href":"https:\/\/ev-allianz-braunschweig.de\/index.php?rest_route=\/wp\/v2\/posts\/1960"}],"collection":[{"href":"https:\/\/ev-allianz-braunschweig.de\/index.php?rest_route=\/wp\/v2\/posts"}],"about":[{"href":"https:\/\/ev-allianz-braunschweig.de\/index.php?rest_route=\/wp\/v2\/types\/post"}],"author":[{"embeddable":true,"href":"https:\/\/ev-allianz-braunschweig.de\/index.php?rest_route=\/wp\/v2\/users\/2"}],"replies":[{"embeddable":true,"href":"https:\/\/ev-allianz-braunschweig.de\/index.php?rest_route=%2Fwp%2Fv2%2Fcomments&post=1960"}],"version-history":[{"count":11,"href":"https:\/\/ev-allianz-braunschweig.de\/index.php?rest_route=\/wp\/v2\/posts\/1960\/revisions"}],"predecessor-version":[{"id":1977,"href":"https:\/\/ev-allianz-braunschweig.de\/index.php?rest_route=\/wp\/v2\/posts\/1960\/revisions\/1977"}],"wp:featuredmedia":[{"embeddable":true,"href":"https:\/\/ev-allianz-braunschweig.de\/index.php?rest_route=\/wp\/v2\/media\/1962"}],"wp:attachment":[{"href":"https:\/\/ev-allianz-braunschweig.de\/index.php?rest_route=%2Fwp%2Fv2%2Fmedia&parent=1960"}],"wp:term":[{"taxonomy":"category","embeddable":true,"href":"https:\/\/ev-allianz-braunschweig.de\/index.php?rest_route=%2Fwp%2Fv2%2Fcategories&post=1960"},{"taxonomy":"post_tag","embeddable":true,"href":"https:\/\/ev-allianz-braunschweig.de\/index.php?rest_route=%2Fwp%2Fv2%2Ftags&post=1960"}],"curies":[{"name":"wp","href":"https:\/\/api.w.org\/{rel}","templated":true}]}}