{"id":171,"date":"2015-01-03T17:47:00","date_gmt":"2015-01-03T16:47:00","guid":{"rendered":"http:\/\/allianz2015.apps-1and1.net\/?p=171"},"modified":"2017-12-23T19:43:13","modified_gmt":"2017-12-23T18:43:13","slug":"marsch-des-erinnerns","status":"publish","type":"post","link":"https:\/\/ev-allianz-braunschweig.de\/?p=171","title":{"rendered":"Marsch des Erinnerns 2015"},"content":{"rendered":"<p>In \u00a0den Jahren 1933-1945 wurden die j\u00fcdischen Einwohner Braunschweigs schrittweise vertrieben und deportiert. Ab 1944 wurden j\u00fcdische KZ-H\u00e4ftlinge in ein Lager nach Braunschweig gebracht. Sie wurden zur Arbeit in der R\u00fcstungsindustrie und zum Tr\u00fcmmerr\u00e4umen gezwungen. Durch die extremen Arbeitsbedingungen , die mangelnde Versorgung und die grauenhaften Zust\u00e4nde in den Lagern kamen viele von ihnen ums Leben.<\/p>\n<p>Vor diesem Hintergrund und 70 Jahre nach der Befreiung von der Nazi \u2013 Terrorherrschaft findet der\u00a0\u00a0\u201cMarsch des Erinnerns\u201d\u00a0statt. \u00a0Wir wollen den \u00dcberlebenden und deren Nachkommen gegen\u00fcber unsere Ersch\u00fctterung und unser Bedauern \u00fcber das unfassbare Unrecht ausdr\u00fccken, das unsere Vorfahren an \u00a0ihnen begangen haben.<br \/>\nGleichzeitig soll mit dem Marsch ein klares Zeichen gegen den wieder aufkeimenden Antisemitismus in unserem Land gesetzt werden.<\/p>\n<p><a href=\"https:\/\/ev-allianz-braunschweig.de\/wp-content\/uploads\/2015\/12\/skulptur.jpg\"><img decoding=\"async\" loading=\"lazy\" class=\"alignnone wp-image-174 size-full\" src=\"https:\/\/ev-allianz-braunschweig.de\/wp-content\/uploads\/2015\/12\/skulptur.jpg\" alt=\"skulptur\" width=\"720\" height=\"350\" srcset=\"https:\/\/ev-allianz-braunschweig.de\/wp-content\/uploads\/2015\/12\/skulptur.jpg 720w, https:\/\/ev-allianz-braunschweig.de\/wp-content\/uploads\/2015\/12\/skulptur-300x146.jpg 300w, https:\/\/ev-allianz-braunschweig.de\/wp-content\/uploads\/2015\/12\/skulptur-680x330.jpg 680w\" sizes=\"(max-width: 720px) 100vw, 720px\" \/><\/a><\/p>\n<p>Foto: Antje Paasche<\/p>\n<p>&nbsp;<\/p>\n<p>Start des Marsches war\u00a0um 14.00 am Rathaus.<br \/>\nEndpunkt war\u00a0die ehemalige SS Reitschule beim Park und Ride Parkplatz Salzdahlumer Stra\u00dfe (Rote Wiese)<\/p>\n<p>Veranstalter war\u00a0die \u201cInitativgruppe Marsch des Erinnerns\u201d<\/p>\n<p>Unterst\u00fctzt wurde\u00a0die Aktion von:<\/p>\n<ul>\n<li>J\u00fcdische Gemeinde Braunschweig<\/li>\n<li>Gesellschaft f\u00fcr Christlich \u2013 J\u00fcdische Zusammenarbeit<\/li>\n<li>Deutsch \u2013 Israelische Gesellschaft<\/li>\n<li>Stolpersteine f\u00fcr Braunschweig<\/li>\n<li>Evangelische Allianz Braunschweig<\/li>\n<li>Zahlreiche Kirchengemeinden der Stadt Braunschweig<\/li>\n<\/ul>\n<p>&nbsp;<\/p>\n<p><strong>Nachbericht Braunschweiger Zeitung<\/strong><\/p>\n<div id=\"attachment_210\" style=\"width: 310px\" class=\"wp-caption alignleft\"><a href=\"https:\/\/ev-allianz-braunschweig\/wp-content\/uploads\/2015\/12\/bz_marsch_des_erinnerns.jpg\" rel=\"attachment wp-att-210\"><img aria-describedby=\"caption-attachment-210\" decoding=\"async\" loading=\"lazy\" class=\"wp-image-210 size-medium\" src=\"https:\/\/ev-allianz-braunschweig\/wp-content\/uploads\/2015\/12\/bz_marsch_des_erinnerns-300x173.jpg\" alt=\"Braunschweiger Zeitung 04. Mai 2015\" width=\"300\" height=\"173\" srcset=\"https:\/\/ev-allianz-braunschweig.de\/wp-content\/uploads\/2015\/12\/bz_marsch_des_erinnerns-300x173.jpg 300w, https:\/\/ev-allianz-braunschweig.de\/wp-content\/uploads\/2015\/12\/bz_marsch_des_erinnerns-768x442.jpg 768w, https:\/\/ev-allianz-braunschweig.de\/wp-content\/uploads\/2015\/12\/bz_marsch_des_erinnerns.jpg 811w\" sizes=\"(max-width: 300px) 100vw, 300px\" \/><\/a><p id=\"caption-attachment-210\" class=\"wp-caption-text\">Braunschweiger Zeitung 04. Mai 2015<\/p><\/div>\n","protected":false},"excerpt":{"rendered":"<p>In \u00a0den Jahren 1933-1945 wurden die j\u00fcdischen Einwohner Braunschweigs schrittweise vertrieben und deportiert. Ab 1944 wurden j\u00fcdische KZ-H\u00e4ftlinge in ein Lager nach Braunschweig gebracht. Sie wurden zur Arbeit in der R\u00fcstungsindustrie und zum Tr\u00fcmmerr\u00e4umen gezwungen. Durch die extremen Arbeitsbedingungen , die mangelnde Versorgung und die grauenhaften Zust\u00e4nde in den Lagern kamen viele von ihnen ums [&hellip;]<\/p>\n","protected":false},"author":3,"featured_media":0,"comment_status":"closed","ping_status":"open","sticky":false,"template":"","format":"standard","meta":{"ngg_post_thumbnail":0},"categories":[4],"tags":[],"_links":{"self":[{"href":"https:\/\/ev-allianz-braunschweig.de\/index.php?rest_route=\/wp\/v2\/posts\/171"}],"collection":[{"href":"https:\/\/ev-allianz-braunschweig.de\/index.php?rest_route=\/wp\/v2\/posts"}],"about":[{"href":"https:\/\/ev-allianz-braunschweig.de\/index.php?rest_route=\/wp\/v2\/types\/post"}],"author":[{"embeddable":true,"href":"https:\/\/ev-allianz-braunschweig.de\/index.php?rest_route=\/wp\/v2\/users\/3"}],"replies":[{"embeddable":true,"href":"https:\/\/ev-allianz-braunschweig.de\/index.php?rest_route=%2Fwp%2Fv2%2Fcomments&post=171"}],"version-history":[{"count":17,"href":"https:\/\/ev-allianz-braunschweig.de\/index.php?rest_route=\/wp\/v2\/posts\/171\/revisions"}],"predecessor-version":[{"id":1734,"href":"https:\/\/ev-allianz-braunschweig.de\/index.php?rest_route=\/wp\/v2\/posts\/171\/revisions\/1734"}],"wp:attachment":[{"href":"https:\/\/ev-allianz-braunschweig.de\/index.php?rest_route=%2Fwp%2Fv2%2Fmedia&parent=171"}],"wp:term":[{"taxonomy":"category","embeddable":true,"href":"https:\/\/ev-allianz-braunschweig.de\/index.php?rest_route=%2Fwp%2Fv2%2Fcategories&post=171"},{"taxonomy":"post_tag","embeddable":true,"href":"https:\/\/ev-allianz-braunschweig.de\/index.php?rest_route=%2Fwp%2Fv2%2Ftags&post=171"}],"curies":[{"name":"wp","href":"https:\/\/api.w.org\/{rel}","templated":true}]}}