{"id":1354,"date":"2017-06-20T19:12:29","date_gmt":"2017-06-20T17:12:29","guid":{"rendered":"https:\/\/ev-allianz-braunschweig\/?p=1354"},"modified":"2017-08-09T10:09:14","modified_gmt":"2017-08-09T08:09:14","slug":"markt-der-hoffnung-2017","status":"publish","type":"post","link":"https:\/\/ev-allianz-braunschweig.de\/?p=1354","title":{"rendered":"Markt der Hoffnung 2017"},"content":{"rendered":"<p style=\"text-align: left;\">Am <strong>18. + 19. August 2017<\/strong> veranstaltet die Evangelische Allianz Braunschweig ihren 2. <strong>Markt der Hoffnung<\/strong> auf dem <strong>Platz der Deutschen Einheit<\/strong>! <!--more-->Von 10.00 bis 19.00 Uhr wollen wir an beiden Tagen die B\u00fcrger Braunschweigs mit kostenlosen Dienstleistungen beschenken: von R\u00fcckenmassage &amp; Fahrradreperatur, \u00fcber Flick- &amp; N\u00e4harbeiten bis hin zu Passfoto, Portraitzeichnung &amp; Kinderschminken. Neben Kaffee &amp; Kuchen werden zudem wertvolle Gespr\u00e4che \u00fcber unseren Glauben an JESUS CHRISTUS angeboten!<\/p>\n<p style=\"text-align: left;\">\u00dcber weitere Anmeldungen zur Mitarbeit freuen wir uns: <span style=\"color: #993366;\"><a style=\"color: #993366;\" href=\"mailto:roehl.michael@web.de\">roehl.michael@web.de<\/a><\/span><\/p>\n<p><a href=\"https:\/\/ev-allianz-braunschweig\/wp-content\/uploads\/2017\/05\/Markt-der-Hoffnung-3.jpg\"><img decoding=\"async\" loading=\"lazy\" class=\"wp-image-1357 size-large alignleft\" src=\"https:\/\/ev-allianz-braunschweig\/wp-content\/uploads\/2017\/05\/Markt-der-Hoffnung-3-1024x579.jpg\" alt=\"\" width=\"610\" height=\"345\" srcset=\"https:\/\/ev-allianz-braunschweig.de\/wp-content\/uploads\/2017\/05\/Markt-der-Hoffnung-3-1024x579.jpg 1024w, https:\/\/ev-allianz-braunschweig.de\/wp-content\/uploads\/2017\/05\/Markt-der-Hoffnung-3-300x170.jpg 300w, https:\/\/ev-allianz-braunschweig.de\/wp-content\/uploads\/2017\/05\/Markt-der-Hoffnung-3-768x434.jpg 768w, https:\/\/ev-allianz-braunschweig.de\/wp-content\/uploads\/2017\/05\/Markt-der-Hoffnung-3.jpg 1474w\" sizes=\"(max-width: 610px) 100vw, 610px\" \/><\/a> <a href=\"https:\/\/ev-allianz-braunschweig\/wp-content\/uploads\/2017\/05\/Markt-der-Hoffnung-5.jpg\"><img decoding=\"async\" loading=\"lazy\" class=\"wp-image-1358 size-full alignleft\" src=\"https:\/\/ev-allianz-braunschweig\/wp-content\/uploads\/2017\/05\/Markt-der-Hoffnung-5.jpg\" alt=\"\" width=\"1466\" height=\"827\" srcset=\"https:\/\/ev-allianz-braunschweig.de\/wp-content\/uploads\/2017\/05\/Markt-der-Hoffnung-5.jpg 1466w, https:\/\/ev-allianz-braunschweig.de\/wp-content\/uploads\/2017\/05\/Markt-der-Hoffnung-5-300x169.jpg 300w, https:\/\/ev-allianz-braunschweig.de\/wp-content\/uploads\/2017\/05\/Markt-der-Hoffnung-5-768x433.jpg 768w, https:\/\/ev-allianz-braunschweig.de\/wp-content\/uploads\/2017\/05\/Markt-der-Hoffnung-5-1024x578.jpg 1024w\" sizes=\"(max-width: 1466px) 100vw, 1466px\" \/><\/a> <a href=\"https:\/\/ev-allianz-braunschweig\/wp-content\/uploads\/2017\/05\/Markt-der-Hoffnung-6.jpg\"><img decoding=\"async\" loading=\"lazy\" class=\"wp-image-1359 size-full alignleft\" src=\"https:\/\/ev-allianz-braunschweig\/wp-content\/uploads\/2017\/05\/Markt-der-Hoffnung-6.jpg\" alt=\"\" width=\"1470\" height=\"826\" srcset=\"https:\/\/ev-allianz-braunschweig.de\/wp-content\/uploads\/2017\/05\/Markt-der-Hoffnung-6.jpg 1470w, https:\/\/ev-allianz-braunschweig.de\/wp-content\/uploads\/2017\/05\/Markt-der-Hoffnung-6-300x169.jpg 300w, https:\/\/ev-allianz-braunschweig.de\/wp-content\/uploads\/2017\/05\/Markt-der-Hoffnung-6-768x432.jpg 768w, https:\/\/ev-allianz-braunschweig.de\/wp-content\/uploads\/2017\/05\/Markt-der-Hoffnung-6-1024x575.jpg 1024w\" sizes=\"(max-width: 1470px) 100vw, 1470px\" \/><\/a> <a href=\"https:\/\/ev-allianz-braunschweig\/wp-content\/uploads\/2017\/05\/Markt-der-Hoffnung-7.jpg\"><img decoding=\"async\" loading=\"lazy\" class=\"wp-image-1360 size-full alignleft\" src=\"https:\/\/ev-allianz-braunschweig\/wp-content\/uploads\/2017\/05\/Markt-der-Hoffnung-7.jpg\" alt=\"\" width=\"971\" height=\"726\" srcset=\"https:\/\/ev-allianz-braunschweig.de\/wp-content\/uploads\/2017\/05\/Markt-der-Hoffnung-7.jpg 971w, https:\/\/ev-allianz-braunschweig.de\/wp-content\/uploads\/2017\/05\/Markt-der-Hoffnung-7-300x224.jpg 300w, https:\/\/ev-allianz-braunschweig.de\/wp-content\/uploads\/2017\/05\/Markt-der-Hoffnung-7-768x574.jpg 768w\" sizes=\"(max-width: 971px) 100vw, 971px\" \/><\/a><\/p>\n<p><a href=\"https:\/\/ev-allianz-braunschweig\/wp-content\/uploads\/2017\/05\/Markt-der-Hoffnung-2.jpg\">\u00a0<\/a><\/p>\n","protected":false},"excerpt":{"rendered":"<p>Am 18. + 19. August 2017 veranstaltet die Evangelische Allianz Braunschweig ihren 2. Markt der Hoffnung auf dem Platz der Deutschen Einheit!<\/p>\n","protected":false},"author":2,"featured_media":1364,"comment_status":"closed","ping_status":"open","sticky":false,"template":"","format":"standard","meta":{"ngg_post_thumbnail":0},"categories":[4],"tags":[],"_links":{"self":[{"href":"https:\/\/ev-allianz-braunschweig.de\/index.php?rest_route=\/wp\/v2\/posts\/1354"}],"collection":[{"href":"https:\/\/ev-allianz-braunschweig.de\/index.php?rest_route=\/wp\/v2\/posts"}],"about":[{"href":"https:\/\/ev-allianz-braunschweig.de\/index.php?rest_route=\/wp\/v2\/types\/post"}],"author":[{"embeddable":true,"href":"https:\/\/ev-allianz-braunschweig.de\/index.php?rest_route=\/wp\/v2\/users\/2"}],"replies":[{"embeddable":true,"href":"https:\/\/ev-allianz-braunschweig.de\/index.php?rest_route=%2Fwp%2Fv2%2Fcomments&post=1354"}],"version-history":[{"count":8,"href":"https:\/\/ev-allianz-braunschweig.de\/index.php?rest_route=\/wp\/v2\/posts\/1354\/revisions"}],"predecessor-version":[{"id":1442,"href":"https:\/\/ev-allianz-braunschweig.de\/index.php?rest_route=\/wp\/v2\/posts\/1354\/revisions\/1442"}],"wp:featuredmedia":[{"embeddable":true,"href":"https:\/\/ev-allianz-braunschweig.de\/index.php?rest_route=\/wp\/v2\/media\/1364"}],"wp:attachment":[{"href":"https:\/\/ev-allianz-braunschweig.de\/index.php?rest_route=%2Fwp%2Fv2%2Fmedia&parent=1354"}],"wp:term":[{"taxonomy":"category","embeddable":true,"href":"https:\/\/ev-allianz-braunschweig.de\/index.php?rest_route=%2Fwp%2Fv2%2Fcategories&post=1354"},{"taxonomy":"post_tag","embeddable":true,"href":"https:\/\/ev-allianz-braunschweig.de\/index.php?rest_route=%2Fwp%2Fv2%2Ftags&post=1354"}],"curies":[{"name":"wp","href":"https:\/\/api.w.org\/{rel}","templated":true}]}}